{"id":55893,"date":"2026-03-10T12:50:41","date_gmt":"2026-03-10T11:50:41","guid":{"rendered":"https:\/\/www.lausitzer-museenland.de\/?p=55893"},"modified":"2026-04-16T09:00:17","modified_gmt":"2026-04-16T07:00:17","slug":"internationaler-museumstag-2026","status":"publish","type":"post","link":"http:\/\/www.lausitzer-museenland.de\/cs\/internationaler-museumstag-2026\/","title":{"rendered":"Internationaler Museumstag 2026"},"content":{"rendered":"<p>Anl\u00e4sslich des Internationalen Museumstages, der in diesem Jahr am 17. Mai 2026 zum 49. Mal stattfindet, plant der Arbeitskreis Lausitzer Museenland eine besondere Aktion &#8211; einen &#8222;Tag des offenen Museums&#8220;. Die teilnehmenden Museen \u00f6ffnen an diesem Tag ihre T\u00fcren meist kostenfrei und bieten <a href=\"https:\/\/www.lausitzer-museenland.de\/wp-content\/uploads\/2026\/04\/Tag-des-offenen-Museums_2026.pdf\" target=\"_blank\" rel=\"noopener\">besondere Veranstaltungen<\/a> an. <!--more-->Prezentuj\u00ed se jako m\u00edsta spole\u010densk\u00e9 a kulturn\u00ed v\u00fdm\u011bny a nab\u00edzej\u00ed zvl\u00e1\u0161tn\u00ed pohled do sv\u011bta muze\u00ed prost\u0159ednictv\u00edm r\u016fzn\u00fdch form\u00e1t\u016f akc\u00ed. Vedle tradi\u010dn\u00edch program\u016f, jako jsou prohl\u00eddky s pr\u016fvodcem, jsou to kreativn\u00ed praktick\u00e9 aktivity, akustick\u00e9 zaj\u00edmavosti, kulin\u00e1\u0159sk\u00e9 nab\u00eddky a vzru\u0161uj\u00edc\u00ed pohledy do z\u00e1kulis\u00ed. N\u00e1v\u0161t\u011bvn\u00edci jsou srde\u010dn\u011b zv\u00e1ni, aby objevovali poklady muze\u00ed a nechali se inspirovat nad\u0161en\u00fdm nasazen\u00edm muzejn\u00edch pracovn\u00edk\u016f.<br \/>\nIn Deutschland wird der Internationale Museumstag bundesweit vom Deutschen Museumsbund e.V. koordiniert und in enger Zusammenarbeit mit den Museumsverb\u00e4nden und -\u00e4mtern der L\u00e4nder auf regionaler Ebene sowie den Museen vor Ort umgesetzt. Unterst\u00fctzt wird der Museumstag von ICOM Deutschland. In diesem Jahr steht der Aktionstag unter der Schirmherrschaft von Bundesratspr\u00e4sident Andreas Bovenschulte.<\/p>","protected":false},"excerpt":{"rendered":"<p>Anl\u00e4sslich des Internationalen Museumstages, der in diesem Jahr am 17. Mai 2026 zum 49. Mal stattfindet, plant der Arbeitskreis Lausitzer Museenland eine besondere Aktion &#8211; einen &#8222;Tag des offenen Museums&#8220;. Die teilnehmenden Museen \u00f6ffnen an diesem Tag ihre T\u00fcren meist kostenfrei und bieten besondere Veranstaltungen an.<\/p>","protected":false},"author":13,"featured_media":55895,"comment_status":"closed","ping_status":"closed","sticky":false,"template":"","format":"standard","meta":[],"categories":[1],"tags":[],"_links":{"self":[{"href":"http:\/\/www.lausitzer-museenland.de\/cs\/wp-json\/wp\/v2\/posts\/55893"}],"collection":[{"href":"http:\/\/www.lausitzer-museenland.de\/cs\/wp-json\/wp\/v2\/posts"}],"about":[{"href":"http:\/\/www.lausitzer-museenland.de\/cs\/wp-json\/wp\/v2\/types\/post"}],"author":[{"embeddable":true,"href":"http:\/\/www.lausitzer-museenland.de\/cs\/wp-json\/wp\/v2\/users\/13"}],"replies":[{"embeddable":true,"href":"http:\/\/www.lausitzer-museenland.de\/cs\/wp-json\/wp\/v2\/comments?post=55893"}],"version-history":[{"count":4,"href":"http:\/\/www.lausitzer-museenland.de\/cs\/wp-json\/wp\/v2\/posts\/55893\/revisions"}],"predecessor-version":[{"id":56016,"href":"http:\/\/www.lausitzer-museenland.de\/cs\/wp-json\/wp\/v2\/posts\/55893\/revisions\/56016"}],"wp:featuredmedia":[{"embeddable":true,"href":"http:\/\/www.lausitzer-museenland.de\/cs\/wp-json\/wp\/v2\/media\/55895"}],"wp:attachment":[{"href":"http:\/\/www.lausitzer-museenland.de\/cs\/wp-json\/wp\/v2\/media?parent=55893"}],"wp:term":[{"taxonomy":"category","embeddable":true,"href":"http:\/\/www.lausitzer-museenland.de\/cs\/wp-json\/wp\/v2\/categories?post=55893"},{"taxonomy":"post_tag","embeddable":true,"href":"http:\/\/www.lausitzer-museenland.de\/cs\/wp-json\/wp\/v2\/tags?post=55893"}],"curies":[{"name":"wp","href":"https:\/\/api.w.org\/{rel}","templated":true}]}}