{"id":55897,"date":"2026-01-27T13:48:44","date_gmt":"2026-01-27T12:48:44","guid":{"rendered":"https:\/\/www.lausitzer-museenland.de\/?p=55897"},"modified":"2026-01-29T11:44:31","modified_gmt":"2026-01-29T10:44:31","slug":"zum-gedenken-an-reinhard-natusch-1930-2026","status":"publish","type":"post","link":"http:\/\/www.lausitzer-museenland.de\/dsb\/zum-gedenken-an-reinhard-natusch-1930-2026\/","title":{"rendered":"Zum Gedenken an Reinhard Natusch (1930\u20132026)"},"content":{"rendered":"<p>Der Heimatforscher, Ortschronist und engagierte Ehrenamtler Reinhard Natusch aus Forst-Sacro ist am 24. Januar 2026 im Alter von 95 Jahren verstorben. Mit ihm verliert die Region eine Pers\u00f6nlichkeit, die sich \u00fcber Jahrzehnte hinweg mit au\u00dfergew\u00f6hnlichem Einsatz um die Bewahrung und Vermittlung der lokalen Geschichte verdient gemacht hat.<!--more--><br \/>\nF\u00fcr sein vielf\u00e4ltiges ehrenamtliches Wirken wurde er im November 2017 von Brandenburgs Ministerpr\u00e4sident Dietmar Woidke als \u201eEhrenamtler des Monats\u201c ausgezeichnet. Bei der Ehrung in Potsdam w\u00fcrdigte Woidke insbesondere die au\u00dfergew\u00f6hnliche Breite seines Engagements als Philatelist, Ortschronist und Heimatforscher.<br \/>\nSeit mehr als 40 Jahren widmete sich Reinhard Natusch der Erforschung der Geschichte von Sacro und der Umgebung. Seiner privaten Initiative ist es zu verdanken, dass die Ortsgeschichte Sacros bis 2010 l\u00fcckenlos dokumentiert und in zwei B\u00fcchern ver\u00f6ffentlicht werden konnte. Was als pers\u00f6nliches Projekt begann, wurde sp\u00e4ter zur Grundlage des von ihm gegr\u00fcndeten Heimatvereins Forst-Nord e. V., der diese Arbeit seit \u00fcber 20 Jahren fortf\u00fchrt.<br \/>\nUnz\u00e4hlige Sonderausstellungen, Ortschroniken, die beliebten Heimatkalender, sorbisch-wendische Kochb\u00fccher, B\u00fccher zu sorbischen\/wendischen Traditionen sowie die regelm\u00e4\u00dfige Teilnahme an der Museumsnacht des Landkreises Spree-Nei\u00dfe und der <a href=\"https:\/\/www.amazon.de\/Historisches-Sacro-Schwarz-Wei%C3%9F-Reinhard-Natusch\/dp\/B0FGJP94W4?__mk_de_DE=%C3%85M%C3%85%C5%BD%C3%95%C3%91&amp;crid=2Q5721MW78M3X&amp;dib=eyJ2IjoiMSJ9.5elxmBNcQbMOVJb74K1V5NKdldiwM7jHjltGnOqpGHhFL4fJ0-ZwVgVn0TSaRRCPuMD3rPLN8Z9AtDsotnE9thoTPgwXHzmLQQuXVaVET_x-BPOxP1KRQefGcaY9Z4cTQb3mmGSdm10hh-WdLFYhcomg9_2DhblKHJmjBT4YISIrbJFloHLxRmbrJLZw6c6w92leNJpR7sA6gf0MsP9v4m1bc6gQDcfq9xldL21kg2E.u1t2B4fpbhajZQnEu3dbQCqLwKgpc-948jwe9c8IGdg&amp;dib_tag=se&amp;keywords=reinhard+natusch&amp;qid=1769683196&amp;sprefix=reinhard+natusch%2Caps%2C128&amp;sr=8-1\" target=\"_blank\" rel=\"noopener\">Bildband<\/a> zum 725-j\u00e4hrigen Bestehen von Sacro sind nur einige Beispiele f\u00fcr sein Lebenswerk. Diese Aktivit\u00e4ten verschafften ihm weit \u00fcber die Region hinaus gro\u00dfe Anerkennung. Als Gr\u00fcnder und Spiritus Rector des Dorfmuseums Sacro pr\u00e4gte er zudem die regionale Erinnerungskultur nachhaltig.<br \/>\nBesonders hervorzuheben ist auch sein Engagement f\u00fcr die Verst\u00e4ndigung mit den polnischen Nachbarn. Durch die von ihm mitgepr\u00e4gten regelm\u00e4\u00dfigen Begegnungen mit den Bewohnerinnen und Bewohnern von Brody und Janisczowice trug er wesentlich zum Abbau von Vorbehalten bei.<br \/>\n\u00dcber die zuk\u00fcnftige Ausrichtung des Dorfmuseums Sacro und des Heimatvereins Forst-Nord e. V. wird zu gegebener Zeit entschieden. Reinhard Natuschs Lebenswerk bleibt jedoch untrennbar mit der Geschichte Sacros verbunden \u2013 als Ausdruck gelebter Heimatverbundenheit, Offenheit und b\u00fcrgerschaftlichen Engagements.<\/p>","protected":false},"excerpt":{"rendered":"<p>Der Heimatforscher, Ortschronist und engagierte Ehrenamtler Reinhard Natusch aus Forst-Sacro ist am 24. Januar 2026 im Alter von 95 Jahren verstorben. Mit ihm verliert die Region eine Pers\u00f6nlichkeit, die sich \u00fcber Jahrzehnte hinweg mit au\u00dfergew\u00f6hnlichem Einsatz um die Bewahrung und Vermittlung der lokalen Geschichte verdient gemacht hat.<\/p>","protected":false},"author":13,"featured_media":53070,"comment_status":"closed","ping_status":"closed","sticky":false,"template":"","format":"standard","meta":[],"categories":[1],"tags":[],"_links":{"self":[{"href":"http:\/\/www.lausitzer-museenland.de\/dsb\/wp-json\/wp\/v2\/posts\/55897"}],"collection":[{"href":"http:\/\/www.lausitzer-museenland.de\/dsb\/wp-json\/wp\/v2\/posts"}],"about":[{"href":"http:\/\/www.lausitzer-museenland.de\/dsb\/wp-json\/wp\/v2\/types\/post"}],"author":[{"embeddable":true,"href":"http:\/\/www.lausitzer-museenland.de\/dsb\/wp-json\/wp\/v2\/users\/13"}],"replies":[{"embeddable":true,"href":"http:\/\/www.lausitzer-museenland.de\/dsb\/wp-json\/wp\/v2\/comments?post=55897"}],"version-history":[{"count":4,"href":"http:\/\/www.lausitzer-museenland.de\/dsb\/wp-json\/wp\/v2\/posts\/55897\/revisions"}],"predecessor-version":[{"id":55902,"href":"http:\/\/www.lausitzer-museenland.de\/dsb\/wp-json\/wp\/v2\/posts\/55897\/revisions\/55902"}],"wp:featuredmedia":[{"embeddable":true,"href":"http:\/\/www.lausitzer-museenland.de\/dsb\/wp-json\/wp\/v2\/media\/53070"}],"wp:attachment":[{"href":"http:\/\/www.lausitzer-museenland.de\/dsb\/wp-json\/wp\/v2\/media?parent=55897"}],"wp:term":[{"taxonomy":"category","embeddable":true,"href":"http:\/\/www.lausitzer-museenland.de\/dsb\/wp-json\/wp\/v2\/categories?post=55897"},{"taxonomy":"post_tag","embeddable":true,"href":"http:\/\/www.lausitzer-museenland.de\/dsb\/wp-json\/wp\/v2\/tags?post=55897"}],"curies":[{"name":"wp","href":"https:\/\/api.w.org\/{rel}","templated":true}]}}