{"id":55893,"date":"2026-03-10T12:50:41","date_gmt":"2026-03-10T11:50:41","guid":{"rendered":"https:\/\/www.lausitzer-museenland.de\/?p=55893"},"modified":"2026-04-16T09:00:17","modified_gmt":"2026-04-16T07:00:17","slug":"internationaler-museumstag-2026","status":"publish","type":"post","link":"http:\/\/www.lausitzer-museenland.de\/pl\/internationaler-museumstag-2026\/","title":{"rendered":"Internationaler Museumstag 2026"},"content":{"rendered":"<p>Anl\u00e4sslich des Internationalen Museumstages, der in diesem Jahr am 17. Mai 2026 zum 49. Mal stattfindet, plant der Arbeitskreis Lausitzer Museenland eine besondere Aktion &#8211; einen &#8222;Tag des offenen Museums&#8220;. Die teilnehmenden Museen \u00f6ffnen an diesem Tag ihre T\u00fcren meist kostenfrei und bieten <a href=\"https:\/\/www.lausitzer-museenland.de\/wp-content\/uploads\/2026\/04\/Tag-des-offenen-Museums_2026.pdf\" target=\"_blank\" rel=\"noopener\">besondere Veranstaltungen<\/a> an. <!--more-->Prezentuj\u0105 si\u0119 jako miejsca wymiany spo\u0142ecznej i kulturalnej oraz oferuj\u0105 specjalny wgl\u0105d w \u015bwiat muze\u00f3w dzi\u0119ki r\u00f3\u017cnorodnym formatom wydarze\u0144. Opr\u00f3cz tradycyjnych program\u00f3w, takich jak wycieczki z przewodnikiem, dost\u0119pne s\u0105 kreatywne zaj\u0119cia praktyczne, atrakcje akustyczne, oferty kulinarne i ekscytuj\u0105ce spojrzenia za kulisy. Serdecznie zapraszamy odwiedzaj\u0105cych do odkrywania skarb\u00f3w muze\u00f3w i inspirowania si\u0119 pe\u0142nym pasji zaanga\u017cowaniem pracownik\u00f3w muze\u00f3w.<br \/>\nIn Deutschland wird der Internationale Museumstag bundesweit vom Deutschen Museumsbund e.V. koordiniert und in enger Zusammenarbeit mit den Museumsverb\u00e4nden und -\u00e4mtern der L\u00e4nder auf regionaler Ebene sowie den Museen vor Ort umgesetzt. Unterst\u00fctzt wird der Museumstag von ICOM Deutschland. In diesem Jahr steht der Aktionstag unter der Schirmherrschaft von Bundesratspr\u00e4sident Andreas Bovenschulte.<\/p>","protected":false},"excerpt":{"rendered":"<p>Anl\u00e4sslich des Internationalen Museumstages, der in diesem Jahr am 17. Mai 2026 zum 49. Mal stattfindet, plant der Arbeitskreis Lausitzer Museenland eine besondere Aktion &#8211; einen &#8222;Tag des offenen Museums&#8220;. Die teilnehmenden Museen \u00f6ffnen an diesem Tag ihre T\u00fcren meist kostenfrei und bieten besondere Veranstaltungen an.<\/p>","protected":false},"author":13,"featured_media":55895,"comment_status":"closed","ping_status":"closed","sticky":false,"template":"","format":"standard","meta":[],"categories":[1],"tags":[],"_links":{"self":[{"href":"http:\/\/www.lausitzer-museenland.de\/pl\/wp-json\/wp\/v2\/posts\/55893"}],"collection":[{"href":"http:\/\/www.lausitzer-museenland.de\/pl\/wp-json\/wp\/v2\/posts"}],"about":[{"href":"http:\/\/www.lausitzer-museenland.de\/pl\/wp-json\/wp\/v2\/types\/post"}],"author":[{"embeddable":true,"href":"http:\/\/www.lausitzer-museenland.de\/pl\/wp-json\/wp\/v2\/users\/13"}],"replies":[{"embeddable":true,"href":"http:\/\/www.lausitzer-museenland.de\/pl\/wp-json\/wp\/v2\/comments?post=55893"}],"version-history":[{"count":4,"href":"http:\/\/www.lausitzer-museenland.de\/pl\/wp-json\/wp\/v2\/posts\/55893\/revisions"}],"predecessor-version":[{"id":56016,"href":"http:\/\/www.lausitzer-museenland.de\/pl\/wp-json\/wp\/v2\/posts\/55893\/revisions\/56016"}],"wp:featuredmedia":[{"embeddable":true,"href":"http:\/\/www.lausitzer-museenland.de\/pl\/wp-json\/wp\/v2\/media\/55895"}],"wp:attachment":[{"href":"http:\/\/www.lausitzer-museenland.de\/pl\/wp-json\/wp\/v2\/media?parent=55893"}],"wp:term":[{"taxonomy":"category","embeddable":true,"href":"http:\/\/www.lausitzer-museenland.de\/pl\/wp-json\/wp\/v2\/categories?post=55893"},{"taxonomy":"post_tag","embeddable":true,"href":"http:\/\/www.lausitzer-museenland.de\/pl\/wp-json\/wp\/v2\/tags?post=55893"}],"curies":[{"name":"wp","href":"https:\/\/api.w.org\/{rel}","templated":true}]}}