{"id":53600,"date":"2023-04-09T11:20:24","date_gmt":"2023-04-09T09:20:24","guid":{"rendered":"https:\/\/www.lausitzer-museenland.de\/?p=53600"},"modified":"2023-05-02T13:45:58","modified_gmt":"2023-05-02T11:45:58","slug":"am-15-mai-2022-ist-internationaler-museumstag","status":"publish","type":"post","link":"https:\/\/www.lausitzer-museenland.de\/cs\/on-15-mai-2022-is-international-museum-day\/","title":{"rendered":"Mezin\u00e1rodn\u00ed den muze\u00ed se bude slavit 21. kv\u011btna 2023!"},"content":{"rendered":"<p>Mezin\u00e1rodn\u00ed den muze\u00ed se v roce 2023 uskute\u010dn\u00ed ji\u017e po 46. C\u00edlem tohoto ak\u010dn\u00edho dne je upozornit na tematickou rozmanitost v\u00edce ne\u017e 7 100 muze\u00ed v N\u011bmecku a muze\u00ed po cel\u00e9m sv\u011bt\u011b. Hlavn\u00ed z\u00e1sadou Dne muze\u00ed proto je <strong>Objevte muzea<\/strong>.<!--more--> Muzea sv\u00fdm \u0161irok\u00fdm spektrem, rozmanitou nab\u00eddkou a inovativn\u00edmi n\u00e1pady v\u00fdznamn\u011b p\u0159isp\u00edvaj\u00ed k na\u0161emu kulturn\u00edmu a spole\u010densk\u00e9mu \u017eivotu. Jako n\u00e1v\u0161t\u011bvn\u00edci jste srde\u010dn\u011b zv\u00e1ni, abyste objevili poklady uchov\u00e1van\u00e9 v muze\u00edch a nechali se inspirovat nad\u0161en\u00fdm nasazen\u00edm muzejn\u00edch pracovn\u00edk\u016f.<\/p>\n<p>Tento den akc\u00ed vyhla\u0161uje ka\u017edoro\u010dn\u011b Mezin\u00e1rodn\u00ed rada muze\u00ed (ICOM) a zd\u016fraz\u0148uje r\u016fzn\u00e9 t\u00e9ma muzejn\u00ed pr\u00e1ce.<\/p>\n<p>V N\u011bmecku je Mezin\u00e1rodn\u00ed den muze\u00ed koordinov\u00e1n na celost\u00e1tn\u00ed \u00farovni N\u011bmeck\u00fdm svazem muze\u00ed (Deutscher Museumsbund e.V.) a je realizov\u00e1n v \u00fazk\u00e9 spolupr\u00e1ci s muzejn\u00edmi svazy a \u00fa\u0159ady spolkov\u00fdch zem\u00ed na region\u00e1ln\u00ed \u00farovni, jako\u017e i s m\u00edstn\u00edmi muzei. Den muze\u00ed podporuje ICOM N\u011bmecko. Letos nad ak\u010dn\u00edm dnem p\u0159evzal z\u00e1\u0161titu p\u0159edseda Spolkov\u00e9ho sn\u011bmu Dr. Peter Tschentscher.<\/p>","protected":false},"excerpt":{"rendered":"<p>Mezin\u00e1rodn\u00ed den muze\u00ed se v roce 2023 uskute\u010dn\u00ed ji\u017e po 46. C\u00edlem tohoto ak\u010dn\u00edho dne je upozornit na tematickou rozmanitost v\u00edce ne\u017e 7 100 muze\u00ed v N\u011bmecku a muze\u00ed po cel\u00e9m sv\u011bt\u011b. Hlavn\u00ed z\u00e1sadou Dne muze\u00ed je proto Objevov\u00e1n\u00ed muze\u00ed.<\/p>","protected":false},"author":13,"featured_media":54389,"comment_status":"closed","ping_status":"closed","sticky":false,"template":"","format":"standard","meta":[],"categories":[1],"tags":[],"_links":{"self":[{"href":"https:\/\/www.lausitzer-museenland.de\/cs\/wp-json\/wp\/v2\/posts\/53600"}],"collection":[{"href":"https:\/\/www.lausitzer-museenland.de\/cs\/wp-json\/wp\/v2\/posts"}],"about":[{"href":"https:\/\/www.lausitzer-museenland.de\/cs\/wp-json\/wp\/v2\/types\/post"}],"author":[{"embeddable":true,"href":"https:\/\/www.lausitzer-museenland.de\/cs\/wp-json\/wp\/v2\/users\/13"}],"replies":[{"embeddable":true,"href":"https:\/\/www.lausitzer-museenland.de\/cs\/wp-json\/wp\/v2\/comments?post=53600"}],"version-history":[{"count":10,"href":"https:\/\/www.lausitzer-museenland.de\/cs\/wp-json\/wp\/v2\/posts\/53600\/revisions"}],"predecessor-version":[{"id":54606,"href":"https:\/\/www.lausitzer-museenland.de\/cs\/wp-json\/wp\/v2\/posts\/53600\/revisions\/54606"}],"wp:featuredmedia":[{"embeddable":true,"href":"https:\/\/www.lausitzer-museenland.de\/cs\/wp-json\/wp\/v2\/media\/54389"}],"wp:attachment":[{"href":"https:\/\/www.lausitzer-museenland.de\/cs\/wp-json\/wp\/v2\/media?parent=53600"}],"wp:term":[{"taxonomy":"category","embeddable":true,"href":"https:\/\/www.lausitzer-museenland.de\/cs\/wp-json\/wp\/v2\/categories?post=53600"},{"taxonomy":"post_tag","embeddable":true,"href":"https:\/\/www.lausitzer-museenland.de\/cs\/wp-json\/wp\/v2\/tags?post=53600"}],"curies":[{"name":"wp","href":"https:\/\/api.w.org\/{rel}","templated":true}]}}