{"id":54350,"date":"2022-11-28T09:38:16","date_gmt":"2022-11-28T08:38:16","guid":{"rendered":"https:\/\/www.lausitzer-museenland.de\/?p=54350"},"modified":"2022-12-01T12:07:19","modified_gmt":"2022-12-01T11:07:19","slug":"klein-koelziger-ziegeleibahn-e-v-wird-verein-des-jahres-2022","status":"publish","type":"post","link":"https:\/\/www.lausitzer-museenland.de\/cs\/maly-koelziger-kozy-vlak-e-v-jsme-klub-roku-2022\/","title":{"rendered":"Klein K\u00f6lziger Ziegeleibahn e.V. se stala \"Sdru\u017een\u00edm roku 2022"},"content":{"rendered":"<p>Sparkasse Spree-Nei\u00dfe nominovala spolek Klein K\u00f6lziger Ziegeleibahn e.V. na Cenu podnikatel\u016f v\u00fdchodon\u011bmeck\u00e9ho svazu spo\u0159itelen (OSV) za rok 2022 a \u010dasopis \"SUPERillu\" v kategorii \"Spolky\".<!--more--><br \/>\nToto ocen\u011bn\u00ed je ur\u010deno k vyznamen\u00e1n\u00ed registrovan\u00fdch sdru\u017een\u00ed, kter\u00e1 mohou prok\u00e1zat zvl\u00e1\u0161tn\u00ed \u00fasp\u011bchy s vysok\u00fdm spole\u010densk\u00fdm a region\u00e1ln\u00edm v\u00fdznamem d\u00edky dobrovoln\u00e9mu nasazen\u00ed sv\u00fdch \u010dlen\u016f a kter\u00e1 se zasazuj\u00ed o \u010dil\u00fd spolkov\u00fd \u017eivot.<br \/>\nPo nominaci m\u011bli z\u00e1stupci sdru\u017een\u00ed mo\u017enost p\u0159edstavit svou pr\u00e1ci porot\u011b v Postupimi. Pot\u00e9, co se p\u0159edstavili i dal\u0161\u00ed uchaze\u010di, rozhodovala porota slo\u017een\u00e1 ze z\u00e1stupc\u016f spo\u0159itelen, komor, obc\u00ed a m\u00e9di\u00ed.<br \/>\nV\u00edt\u011bzem leto\u0161n\u00edho ro\u010dn\u00edku Ceny podnikatele v kategorii \"Sdru\u017een\u00ed roku\" se....lautes Feldbahntuten....the Verein Klein K\u00f6lziger Ziegeleibahn e.V. Slavnostn\u00ed p\u0159ed\u00e1n\u00ed ceny se uskute\u010dnilo 17. listopadu 2022 v Postupimi na podnikatelsk\u00e9m sjezdu Svazu v\u00fdchodon\u011bmeck\u00fdch spo\u0159itelen. Sdru\u017een\u00ed m\u016f\u017ee b\u00fdt na toto ocen\u011bn\u00ed v\u00edce ne\u017e hrd\u00e9, proto\u017ee je ofici\u00e1ln\u00edm uzn\u00e1n\u00edm dlouholet\u00e9 pr\u00e1ce a nasazen\u00ed v\u0161ech \u010dlen\u016f sdru\u017een\u00ed, kter\u00e9 nebylo v\u017edy jednoduch\u00e9, a samoz\u0159ejm\u011b tak\u00e9 mnoha pomocn\u00edk\u016f a p\u0159\u00edznivc\u016f sdru\u017een\u00ed a muzea.<br \/>\nThomas Heinze, \u010dlen p\u0159edstavenstva Sparkasse Spree-Nei\u00dfe, \u0159ekl: \"Spolek se s velkou radost\u00ed a nad\u0161en\u00edm anga\u017euje v rekonstrukci historick\u00e9 cihl\u00e1\u0159sk\u00e9 dr\u00e1hy a v zachov\u00e1n\u00ed star\u00e9 cihelny. Je pro n\u00e1s velmi p\u016fsobiv\u00e9, jak se toto mal\u00e9 sdru\u017een\u00ed nejen sna\u017e\u00ed zachovat jedine\u010dnou historii, ale dokonce umo\u017e\u0148uje, aby ji generace znovu za\u017eily, propojuje minulost se sou\u010dasnost\u00ed a budoucnost s velk\u00fdmi n\u00e1pady.\"<\/p>","protected":false},"excerpt":{"rendered":"<p>Sparkasse Spree-Nei\u00dfe nominovala spolek Klein K\u00f6lziger Ziegeleibahn e.V. na Cenu podnikatel\u016f v\u00fdchodon\u011bmeck\u00e9ho svazu spo\u0159itelen (OSV) za rok 2022 a \u010dasopis \"SUPERillu\" v kategorii \"Spolky\".<\/p>","protected":false},"author":13,"featured_media":53031,"comment_status":"closed","ping_status":"closed","sticky":false,"template":"","format":"standard","meta":[],"categories":[1],"tags":[],"_links":{"self":[{"href":"https:\/\/www.lausitzer-museenland.de\/cs\/wp-json\/wp\/v2\/posts\/54350"}],"collection":[{"href":"https:\/\/www.lausitzer-museenland.de\/cs\/wp-json\/wp\/v2\/posts"}],"about":[{"href":"https:\/\/www.lausitzer-museenland.de\/cs\/wp-json\/wp\/v2\/types\/post"}],"author":[{"embeddable":true,"href":"https:\/\/www.lausitzer-museenland.de\/cs\/wp-json\/wp\/v2\/users\/13"}],"replies":[{"embeddable":true,"href":"https:\/\/www.lausitzer-museenland.de\/cs\/wp-json\/wp\/v2\/comments?post=54350"}],"version-history":[{"count":3,"href":"https:\/\/www.lausitzer-museenland.de\/cs\/wp-json\/wp\/v2\/posts\/54350\/revisions"}],"predecessor-version":[{"id":54359,"href":"https:\/\/www.lausitzer-museenland.de\/cs\/wp-json\/wp\/v2\/posts\/54350\/revisions\/54359"}],"wp:featuredmedia":[{"embeddable":true,"href":"https:\/\/www.lausitzer-museenland.de\/cs\/wp-json\/wp\/v2\/media\/53031"}],"wp:attachment":[{"href":"https:\/\/www.lausitzer-museenland.de\/cs\/wp-json\/wp\/v2\/media?parent=54350"}],"wp:term":[{"taxonomy":"category","embeddable":true,"href":"https:\/\/www.lausitzer-museenland.de\/cs\/wp-json\/wp\/v2\/categories?post=54350"},{"taxonomy":"post_tag","embeddable":true,"href":"https:\/\/www.lausitzer-museenland.de\/cs\/wp-json\/wp\/v2\/tags?post=54350"}],"curies":[{"name":"wp","href":"https:\/\/api.w.org\/{rel}","templated":true}]}}